{"id":819,"date":"2023-11-20T11:17:41","date_gmt":"2023-11-20T08:17:41","guid":{"rendered":"http:\/\/radoksan.com\/?p=819"},"modified":"2023-11-22T08:05:09","modified_gmt":"2023-11-22T05:05:09","slug":"aluminyum-kulce","status":"publish","type":"post","link":"https:\/\/radoksan.com\/?p=819","title":{"rendered":"Al\u00fcminyum K\u00fcl\u00e7e"},"content":{"rendered":"\n<p class=\"wp-block-paragraph\">G\u00fcm\u00fc\u015f renkte s\u00fcnek bir metaldir. Al\u00fcminyum, yumu\u015fak ve hafif bir metal olup mat g\u00fcm\u00fc\u015f\u00fcms\u00fc renktedir. End\u00fcstrinin pek \u00e7ok kolunda milyonlarca farkl\u0131 \u00fcr\u00fcn\u00fcn yap\u0131m\u0131nda kullan\u0131lmakta olup d\u00fcnya ekonomisi i\u00e7inde \u00e7ok \u00f6nemli bir yeri vard\u0131r. Al\u00fcminyumdan \u00fcretilmi\u015f yap\u0131sal bile\u015fenler uzay ve havac\u0131l\u0131k sanayii i\u00e7in vazge\u00e7ilmezdir. Hafiflik ve y\u00fcksek dayan\u0131m \u00f6zellikleri gerektiren ta\u015f\u0131mac\u0131l\u0131k ve in\u015faat sanayiinde geni\u015f kullan\u0131m alan\u0131 bulur.<\/p>\n\n\n<div class=\"singleHeading\">\n\t<div class=\"inner\">\n\t\t<span class=\"safiricon icon\"><svg class=\"safiricon-begen\"><use href=\"#safiricon-begen\"><\/use><\/svg><\/span>\t\t<div class=\"text\">Neden Al\u00fcminyum K\u00fcl\u00e7e Geri D\u00f6n\u00fc\u015f\u00fcm\u00fc?<\/div>\n\t<\/div>\n<\/div>\n\n\n<div class=\"safir-list\" data-col=\"2\"><ul class=\"wp-block-list\">\n<li>Do\u011fal kaynaklar\u0131n korunmas\u0131<\/li>\n\n\n\n<li>Enerji tasarrufu ve \u00e7evre dostu \u00fcretim<\/li>\n\n\n\n<li>Ekonomik ve s\u00fcrd\u00fcr\u00fclebilir bir malzeme temini<\/li>\n<\/ul><\/div>\n\n\n<div class=\"singleHeading\">\n\t<div class=\"inner\">\n\t\t<span class=\"safiricon icon\"><svg class=\"safiricon-foto\"><use href=\"#safiricon-foto\"><\/use><\/svg><\/span>\t\t<div class=\"text\">Foto Galeri<\/div>\n\t<\/div>\n<\/div>\n\n\n<figure class=\"wp-block-gallery has-nested-images columns-4 is-cropped wp-block-gallery-1 is-layout-flex wp-block-gallery-is-layout-flex\">\n<figure class=\"wp-block-image size-large\"><img loading=\"lazy\" decoding=\"async\" width=\"600\" height=\"393\" data-id=\"821\" src=\"http:\/\/radoksan.com\/wp-content\/uploads\/2023\/11\/Aluminyum-Kulce-2.png\" alt=\"\" class=\"wp-image-821\" srcset=\"https:\/\/radoksan.com\/wp-content\/uploads\/2023\/11\/Aluminyum-Kulce-2.png 600w, https:\/\/radoksan.com\/wp-content\/uploads\/2023\/11\/Aluminyum-Kulce-2-300x197.png 300w\" sizes=\"auto, (max-width: 600px) 100vw, 600px\" \/><\/figure>\n<\/figure>\n\n\n\n<p class=\"wp-block-paragraph\">Al\u00fcminyum k\u00fcl\u00e7e \u00fcretimi s\u00fcrecimiz, end\u00fcstriyel standartlarda en kaliteli ve g\u00fcvenilir al\u00fcminyum k\u00fcl\u00e7eleri \u00fcretmeye odaklan\u0131r. Modern tesislerimizde, uzman ekibimiz ve ileri teknoloji ekipmanlar\u0131m\u0131z ile al\u00fcminyum sekt\u00f6r\u00fcnde \u00f6nc\u00fc bir konumday\u0131z.<\/p>\n\n\n\n<p class=\"wp-block-paragraph\"><strong>Ham Malzeme Se\u00e7imi:<\/strong>&nbsp;En kaliteli al\u00fcminyum ham maddeleri titizlikle se\u00e7ilir.<\/p>\n\n\n\n<p class=\"wp-block-paragraph\"><strong>Eritme ve Rafinasyon:<\/strong>&nbsp;Ham malzemeler, y\u00fcksek s\u0131cakl\u0131kta eritilir ve rafinasyon i\u015flemleriyle saf al\u00fcminyum elde edilir.<\/p>\n\n\n\n<p class=\"wp-block-paragraph\"><strong>K\u00fcl\u00e7e D\u00f6k\u00fcm\u00fc:<\/strong>&nbsp;Rafine edilmi\u015f al\u00fcminyum, \u00f6zel tasarlanm\u0131\u015f d\u00f6k\u00fcm makinelerimizde k\u00fcl\u00e7e formuna d\u00f6n\u00fc\u015ft\u00fcr\u00fcl\u00fcr.<\/p>\n\n\n\n<p class=\"wp-block-paragraph\"><strong>So\u011futma ve Kontrol:<\/strong>&nbsp;K\u00fcl\u00e7eler, belirlenen kalite standartlar\u0131na uygun olarak kontrol edilir ve \u00f6zel so\u011futma sistemlerinde i\u015flem g\u00f6r\u00fcr.<\/p>\n\n\n\n<p class=\"wp-block-paragraph\"><\/p>\n","protected":false},"excerpt":{"rendered":"<p>G\u00fcm\u00fc\u015f renkte s\u00fcnek bir metaldir. Al\u00fcminyum, yumu\u015fak ve hafif bir metal olup mat g\u00fcm\u00fc\u015f\u00fcms\u00fc renktedir. End\u00fcstrinin pek \u00e7ok kolunda milyonlarca farkl\u0131 \u00fcr\u00fcn\u00fcn yap\u0131m\u0131nda kullan\u0131lmakta olup d\u00fcnya ekonomisi i\u00e7inde \u00e7ok \u00f6nemli bir yeri vard\u0131r. Al\u00fcminyumdan \u00fcretilmi\u015f yap\u0131sal bile\u015fenler uzay ve havac\u0131l\u0131k sanayii i\u00e7in vazge\u00e7ilmezdir. Hafiflik ve y\u00fcksek dayan\u0131m \u00f6zellikleri gerektiren ta\u015f\u0131mac\u0131l\u0131k ve in\u015faat sanayiinde geni\u015f kullan\u0131m [&hellip;]<\/p>\n","protected":false},"author":1,"featured_media":820,"comment_status":"open","ping_status":"open","sticky":false,"template":"","format":"standard","meta":{"footnotes":""},"categories":[9],"tags":[65,77,78,79,80,37,56,57,58,59,60,61,62,63],"class_list":["post-819","post","type-post","status-publish","format-standard","has-post-thumbnail","hentry","category-uretim-mamulleri","tag-bakir-alasimli-ramat","tag-aluminyum-ramat-curuf","tag-aluminyum-kulce-2","tag-aluminyum-geridonusum","tag-aluminyumhurda","tag-aluminyum","tag-boru-kursun","tag-kursun-ramati","tag-kursun-kulce","tag-cinko-ramati","tag-cinko-oksit-kulu","tag-bakir-pirinc-ramati","tag-bakir-capagi","tag-bakir-misket-ramati"],"yoast_head":"<!-- This site is optimized with the Yoast SEO plugin v22.1 - https:\/\/yoast.com\/wordpress\/plugins\/seo\/ -->\n<title>Al\u00fcminyum K\u00fcl\u00e7e - RAD\u00d6KSAN<\/title>\n<meta name=\"description\" content=\"G\u00fcm\u00fc\u015f renkte s\u00fcnek bir metaldir. Al\u00fcminyum, yumu\u015fak ve hafif bir metal olup mat g\u00fcm\u00fc\u015f\u00fcms\u00fc renktedir. End\u00fcstrinin pek \u00e7ok kolunda milyonlarca farkl\u0131 \u00fcr\u00fcn\u00fcn yap\u0131m\u0131nda kullan\u0131lmakta olup d\u00fcnya ekonomisi i\u00e7inde \u00e7ok \u00f6nemli bir yeri vard\u0131r. Al\u00fcminyumdan \u00fcretilmi\u015f yap\u0131sal bile\u015fenler uzay ve havac\u0131l\u0131k sanayii i\u00e7in vazge\u00e7ilmezdir. Hafiflik ve y\u00fcksek dayan\u0131m \u00f6zellikleri gerektiren ta\u015f\u0131mac\u0131l\u0131k ve in\u015faat sanayiinde geni\u015f kullan\u0131m alan\u0131 bulur.\" \/>\n<meta name=\"robots\" content=\"index, follow, max-snippet:-1, max-image-preview:large, max-video-preview:-1\" \/>\n<link rel=\"canonical\" href=\"https:\/\/radoksan.com\/?p=819\" \/>\n<meta property=\"og:locale\" content=\"tr_TR\" \/>\n<meta property=\"og:type\" content=\"article\" \/>\n<meta property=\"og:title\" content=\"Al\u00fcminyum K\u00fcl\u00e7e - RAD\u00d6KSAN\" \/>\n<meta property=\"og:description\" content=\"G\u00fcm\u00fc\u015f renkte s\u00fcnek bir metaldir. Al\u00fcminyum, yumu\u015fak ve hafif bir metal olup mat g\u00fcm\u00fc\u015f\u00fcms\u00fc renktedir. End\u00fcstrinin pek \u00e7ok kolunda milyonlarca farkl\u0131 \u00fcr\u00fcn\u00fcn yap\u0131m\u0131nda kullan\u0131lmakta olup d\u00fcnya ekonomisi i\u00e7inde \u00e7ok \u00f6nemli bir yeri vard\u0131r. Al\u00fcminyumdan \u00fcretilmi\u015f yap\u0131sal bile\u015fenler uzay ve havac\u0131l\u0131k sanayii i\u00e7in vazge\u00e7ilmezdir. Hafiflik ve y\u00fcksek dayan\u0131m \u00f6zellikleri gerektiren ta\u015f\u0131mac\u0131l\u0131k ve in\u015faat sanayiinde geni\u015f kullan\u0131m alan\u0131 bulur.\" \/>\n<meta property=\"og:url\" content=\"https:\/\/radoksan.com\/?p=819\" \/>\n<meta property=\"og:site_name\" content=\"RAD\u00d6KSAN\" \/>\n<meta property=\"article:publisher\" content=\"https:\/\/www.facebook.com\/profile.php?id=61553864035974\" \/>\n<meta property=\"article:published_time\" content=\"2023-11-20T08:17:41+00:00\" \/>\n<meta property=\"article:modified_time\" content=\"2023-11-22T05:05:09+00:00\" \/>\n<meta property=\"og:image\" content=\"https:\/\/radoksan.com\/wp-content\/uploads\/2023\/11\/Aluminyum-Kulce-1.png\" \/>\n\t<meta property=\"og:image:width\" content=\"600\" \/>\n\t<meta property=\"og:image:height\" content=\"393\" \/>\n\t<meta property=\"og:image:type\" content=\"image\/png\" \/>\n<meta name=\"author\" content=\"serkan\" \/>\n<meta name=\"twitter:card\" content=\"summary_large_image\" \/>\n<meta name=\"twitter:label1\" content=\"Yazan:\" \/>\n\t<meta name=\"twitter:data1\" content=\"serkan\" \/>\n\t<meta name=\"twitter:label2\" content=\"Tahmini okuma s\u00fcresi\" \/>\n\t<meta name=\"twitter:data2\" content=\"2 dakika\" \/>\n<script type=\"application\/ld+json\" class=\"yoast-schema-graph\">{\"@context\":\"https:\/\/schema.org\",\"@graph\":[{\"@type\":\"Article\",\"@id\":\"https:\/\/radoksan.com\/?p=819#article\",\"isPartOf\":{\"@id\":\"https:\/\/radoksan.com\/?p=819\"},\"author\":{\"name\":\"serkan\",\"@id\":\"https:\/\/radoksan.com\/#\/schema\/person\/11377b54e8964586bbaff1a238839d61\"},\"headline\":\"Al\u00fcminyum K\u00fcl\u00e7e\",\"datePublished\":\"2023-11-20T08:17:41+00:00\",\"dateModified\":\"2023-11-22T05:05:09+00:00\",\"mainEntityOfPage\":{\"@id\":\"https:\/\/radoksan.com\/?p=819\"},\"wordCount\":243,\"commentCount\":0,\"publisher\":{\"@id\":\"https:\/\/radoksan.com\/#organization\"},\"keywords\":[\"Bak\u0131r Ala\u015f\u0131ml\u0131 Ramat\",\"Al\u00fcminyum Ramat C\u00fcruf\",\"al\u00fcminyum k\u00fcl\u00e7e\",\"al\u00fcminyum geridonusum\",\"al\u00fcminyumhurda\",\"aluminyum\",\"Boru Kur\u015fun\",\"Kur\u015fun Ramat\u0131\",\"Kur\u015fun K\u00fcl\u00e7e\",\"\u00c7inko Ramat\u0131\",\"\u00c7inko Oksit K\u00fcl\u00fc\",\"Bak\u0131r Pirin\u00e7 Ramat\u0131\",\"Bak\u0131r \u00c7apa\u011f\u0131\",\"Bak\u0131r Misket Ramat\u0131\"],\"articleSection\":[\"\u00dcretim Mam\u00fclleri\"],\"inLanguage\":\"tr\",\"potentialAction\":[{\"@type\":\"CommentAction\",\"name\":\"Comment\",\"target\":[\"https:\/\/radoksan.com\/?p=819#respond\"]}]},{\"@type\":\"WebPage\",\"@id\":\"https:\/\/radoksan.com\/?p=819\",\"url\":\"https:\/\/radoksan.com\/?p=819\",\"name\":\"Al\u00fcminyum K\u00fcl\u00e7e - RAD\u00d6KSAN\",\"isPartOf\":{\"@id\":\"https:\/\/radoksan.com\/#website\"},\"datePublished\":\"2023-11-20T08:17:41+00:00\",\"dateModified\":\"2023-11-22T05:05:09+00:00\",\"description\":\"G\u00fcm\u00fc\u015f renkte s\u00fcnek bir metaldir. Al\u00fcminyum, yumu\u015fak ve hafif bir metal olup mat g\u00fcm\u00fc\u015f\u00fcms\u00fc renktedir. End\u00fcstrinin pek \u00e7ok kolunda milyonlarca farkl\u0131 \u00fcr\u00fcn\u00fcn yap\u0131m\u0131nda kullan\u0131lmakta olup d\u00fcnya ekonomisi i\u00e7inde \u00e7ok \u00f6nemli bir yeri vard\u0131r. Al\u00fcminyumdan \u00fcretilmi\u015f yap\u0131sal bile\u015fenler uzay ve havac\u0131l\u0131k sanayii i\u00e7in vazge\u00e7ilmezdir. Hafiflik ve y\u00fcksek dayan\u0131m \u00f6zellikleri gerektiren ta\u015f\u0131mac\u0131l\u0131k ve in\u015faat sanayiinde geni\u015f kullan\u0131m alan\u0131 bulur.\",\"breadcrumb\":{\"@id\":\"https:\/\/radoksan.com\/?p=819#breadcrumb\"},\"inLanguage\":\"tr\",\"potentialAction\":[{\"@type\":\"ReadAction\",\"target\":[\"https:\/\/radoksan.com\/?p=819\"]}]},{\"@type\":\"BreadcrumbList\",\"@id\":\"https:\/\/radoksan.com\/?p=819#breadcrumb\",\"itemListElement\":[{\"@type\":\"ListItem\",\"position\":1,\"name\":\"Anasayfa\",\"item\":\"https:\/\/radoksan.com\/\"},{\"@type\":\"ListItem\",\"position\":2,\"name\":\"Al\u00fcminyum K\u00fcl\u00e7e\"}]},{\"@type\":\"WebSite\",\"@id\":\"https:\/\/radoksan.com\/#website\",\"url\":\"https:\/\/radoksan.com\/\",\"name\":\"RAD\u00d6KSAN\",\"description\":\"\",\"publisher\":{\"@id\":\"https:\/\/radoksan.com\/#organization\"},\"potentialAction\":[{\"@type\":\"SearchAction\",\"target\":{\"@type\":\"EntryPoint\",\"urlTemplate\":\"https:\/\/radoksan.com\/?s={search_term_string}\"},\"query-input\":\"required name=search_term_string\"}],\"inLanguage\":\"tr\"},{\"@type\":\"Organization\",\"@id\":\"https:\/\/radoksan.com\/#organization\",\"name\":\"RAD\u00d6KSAN\",\"url\":\"https:\/\/radoksan.com\/\",\"logo\":{\"@type\":\"ImageObject\",\"inLanguage\":\"tr\",\"@id\":\"https:\/\/radoksan.com\/#\/schema\/logo\/image\/\",\"url\":\"https:\/\/radoksan.com\/wp-content\/uploads\/2023\/11\/RADOKSANLOGO-2.png\",\"contentUrl\":\"https:\/\/radoksan.com\/wp-content\/uploads\/2023\/11\/RADOKSANLOGO-2.png\",\"width\":3048,\"height\":800,\"caption\":\"RAD\u00d6KSAN\"},\"image\":{\"@id\":\"https:\/\/radoksan.com\/#\/schema\/logo\/image\/\"},\"sameAs\":[\"https:\/\/www.facebook.com\/profile.php?id=61553864035974\"]},{\"@type\":\"Person\",\"@id\":\"https:\/\/radoksan.com\/#\/schema\/person\/11377b54e8964586bbaff1a238839d61\",\"name\":\"serkan\",\"image\":{\"@type\":\"ImageObject\",\"inLanguage\":\"tr\",\"@id\":\"https:\/\/radoksan.com\/#\/schema\/person\/image\/\",\"url\":\"https:\/\/secure.gravatar.com\/avatar\/7dcdb4fbbb73273d638eadcd096034af9e0267e16e93615deceb8199670c4ad5?s=96&d=mm&r=g\",\"contentUrl\":\"https:\/\/secure.gravatar.com\/avatar\/7dcdb4fbbb73273d638eadcd096034af9e0267e16e93615deceb8199670c4ad5?s=96&d=mm&r=g\",\"caption\":\"serkan\"},\"url\":\"https:\/\/radoksan.com\/?author=1\"}]}<\/script>\n<!-- \/ Yoast SEO plugin. -->","yoast_head_json":{"title":"Al\u00fcminyum K\u00fcl\u00e7e - RAD\u00d6KSAN","description":"G\u00fcm\u00fc\u015f renkte s\u00fcnek bir metaldir. Al\u00fcminyum, yumu\u015fak ve hafif bir metal olup mat g\u00fcm\u00fc\u015f\u00fcms\u00fc renktedir. End\u00fcstrinin pek \u00e7ok kolunda milyonlarca farkl\u0131 \u00fcr\u00fcn\u00fcn yap\u0131m\u0131nda kullan\u0131lmakta olup d\u00fcnya ekonomisi i\u00e7inde \u00e7ok \u00f6nemli bir yeri vard\u0131r. Al\u00fcminyumdan \u00fcretilmi\u015f yap\u0131sal bile\u015fenler uzay ve havac\u0131l\u0131k sanayii i\u00e7in vazge\u00e7ilmezdir. Hafiflik ve y\u00fcksek dayan\u0131m \u00f6zellikleri gerektiren ta\u015f\u0131mac\u0131l\u0131k ve in\u015faat sanayiinde geni\u015f kullan\u0131m alan\u0131 bulur.","robots":{"index":"index","follow":"follow","max-snippet":"max-snippet:-1","max-image-preview":"max-image-preview:large","max-video-preview":"max-video-preview:-1"},"canonical":"https:\/\/radoksan.com\/?p=819","og_locale":"tr_TR","og_type":"article","og_title":"Al\u00fcminyum K\u00fcl\u00e7e - RAD\u00d6KSAN","og_description":"G\u00fcm\u00fc\u015f renkte s\u00fcnek bir metaldir. Al\u00fcminyum, yumu\u015fak ve hafif bir metal olup mat g\u00fcm\u00fc\u015f\u00fcms\u00fc renktedir. End\u00fcstrinin pek \u00e7ok kolunda milyonlarca farkl\u0131 \u00fcr\u00fcn\u00fcn yap\u0131m\u0131nda kullan\u0131lmakta olup d\u00fcnya ekonomisi i\u00e7inde \u00e7ok \u00f6nemli bir yeri vard\u0131r. Al\u00fcminyumdan \u00fcretilmi\u015f yap\u0131sal bile\u015fenler uzay ve havac\u0131l\u0131k sanayii i\u00e7in vazge\u00e7ilmezdir. Hafiflik ve y\u00fcksek dayan\u0131m \u00f6zellikleri gerektiren ta\u015f\u0131mac\u0131l\u0131k ve in\u015faat sanayiinde geni\u015f kullan\u0131m alan\u0131 bulur.","og_url":"https:\/\/radoksan.com\/?p=819","og_site_name":"RAD\u00d6KSAN","article_publisher":"https:\/\/www.facebook.com\/profile.php?id=61553864035974","article_published_time":"2023-11-20T08:17:41+00:00","article_modified_time":"2023-11-22T05:05:09+00:00","og_image":[{"width":600,"height":393,"url":"https:\/\/radoksan.com\/wp-content\/uploads\/2023\/11\/Aluminyum-Kulce-1.png","type":"image\/png"}],"author":"serkan","twitter_card":"summary_large_image","twitter_misc":{"Yazan:":"serkan","Tahmini okuma s\u00fcresi":"2 dakika"},"schema":{"@context":"https:\/\/schema.org","@graph":[{"@type":"Article","@id":"https:\/\/radoksan.com\/?p=819#article","isPartOf":{"@id":"https:\/\/radoksan.com\/?p=819"},"author":{"name":"serkan","@id":"https:\/\/radoksan.com\/#\/schema\/person\/11377b54e8964586bbaff1a238839d61"},"headline":"Al\u00fcminyum K\u00fcl\u00e7e","datePublished":"2023-11-20T08:17:41+00:00","dateModified":"2023-11-22T05:05:09+00:00","mainEntityOfPage":{"@id":"https:\/\/radoksan.com\/?p=819"},"wordCount":243,"commentCount":0,"publisher":{"@id":"https:\/\/radoksan.com\/#organization"},"keywords":["Bak\u0131r Ala\u015f\u0131ml\u0131 Ramat","Al\u00fcminyum Ramat C\u00fcruf","al\u00fcminyum k\u00fcl\u00e7e","al\u00fcminyum geridonusum","al\u00fcminyumhurda","aluminyum","Boru Kur\u015fun","Kur\u015fun Ramat\u0131","Kur\u015fun K\u00fcl\u00e7e","\u00c7inko Ramat\u0131","\u00c7inko Oksit K\u00fcl\u00fc","Bak\u0131r Pirin\u00e7 Ramat\u0131","Bak\u0131r \u00c7apa\u011f\u0131","Bak\u0131r Misket Ramat\u0131"],"articleSection":["\u00dcretim Mam\u00fclleri"],"inLanguage":"tr","potentialAction":[{"@type":"CommentAction","name":"Comment","target":["https:\/\/radoksan.com\/?p=819#respond"]}]},{"@type":"WebPage","@id":"https:\/\/radoksan.com\/?p=819","url":"https:\/\/radoksan.com\/?p=819","name":"Al\u00fcminyum K\u00fcl\u00e7e - RAD\u00d6KSAN","isPartOf":{"@id":"https:\/\/radoksan.com\/#website"},"datePublished":"2023-11-20T08:17:41+00:00","dateModified":"2023-11-22T05:05:09+00:00","description":"G\u00fcm\u00fc\u015f renkte s\u00fcnek bir metaldir. Al\u00fcminyum, yumu\u015fak ve hafif bir metal olup mat g\u00fcm\u00fc\u015f\u00fcms\u00fc renktedir. End\u00fcstrinin pek \u00e7ok kolunda milyonlarca farkl\u0131 \u00fcr\u00fcn\u00fcn yap\u0131m\u0131nda kullan\u0131lmakta olup d\u00fcnya ekonomisi i\u00e7inde \u00e7ok \u00f6nemli bir yeri vard\u0131r. Al\u00fcminyumdan \u00fcretilmi\u015f yap\u0131sal bile\u015fenler uzay ve havac\u0131l\u0131k sanayii i\u00e7in vazge\u00e7ilmezdir. Hafiflik ve y\u00fcksek dayan\u0131m \u00f6zellikleri gerektiren ta\u015f\u0131mac\u0131l\u0131k ve in\u015faat sanayiinde geni\u015f kullan\u0131m alan\u0131 bulur.","breadcrumb":{"@id":"https:\/\/radoksan.com\/?p=819#breadcrumb"},"inLanguage":"tr","potentialAction":[{"@type":"ReadAction","target":["https:\/\/radoksan.com\/?p=819"]}]},{"@type":"BreadcrumbList","@id":"https:\/\/radoksan.com\/?p=819#breadcrumb","itemListElement":[{"@type":"ListItem","position":1,"name":"Anasayfa","item":"https:\/\/radoksan.com\/"},{"@type":"ListItem","position":2,"name":"Al\u00fcminyum K\u00fcl\u00e7e"}]},{"@type":"WebSite","@id":"https:\/\/radoksan.com\/#website","url":"https:\/\/radoksan.com\/","name":"RAD\u00d6KSAN","description":"","publisher":{"@id":"https:\/\/radoksan.com\/#organization"},"potentialAction":[{"@type":"SearchAction","target":{"@type":"EntryPoint","urlTemplate":"https:\/\/radoksan.com\/?s={search_term_string}"},"query-input":"required name=search_term_string"}],"inLanguage":"tr"},{"@type":"Organization","@id":"https:\/\/radoksan.com\/#organization","name":"RAD\u00d6KSAN","url":"https:\/\/radoksan.com\/","logo":{"@type":"ImageObject","inLanguage":"tr","@id":"https:\/\/radoksan.com\/#\/schema\/logo\/image\/","url":"https:\/\/radoksan.com\/wp-content\/uploads\/2023\/11\/RADOKSANLOGO-2.png","contentUrl":"https:\/\/radoksan.com\/wp-content\/uploads\/2023\/11\/RADOKSANLOGO-2.png","width":3048,"height":800,"caption":"RAD\u00d6KSAN"},"image":{"@id":"https:\/\/radoksan.com\/#\/schema\/logo\/image\/"},"sameAs":["https:\/\/www.facebook.com\/profile.php?id=61553864035974"]},{"@type":"Person","@id":"https:\/\/radoksan.com\/#\/schema\/person\/11377b54e8964586bbaff1a238839d61","name":"serkan","image":{"@type":"ImageObject","inLanguage":"tr","@id":"https:\/\/radoksan.com\/#\/schema\/person\/image\/","url":"https:\/\/secure.gravatar.com\/avatar\/7dcdb4fbbb73273d638eadcd096034af9e0267e16e93615deceb8199670c4ad5?s=96&d=mm&r=g","contentUrl":"https:\/\/secure.gravatar.com\/avatar\/7dcdb4fbbb73273d638eadcd096034af9e0267e16e93615deceb8199670c4ad5?s=96&d=mm&r=g","caption":"serkan"},"url":"https:\/\/radoksan.com\/?author=1"}]}},"_links":{"self":[{"href":"https:\/\/radoksan.com\/index.php?rest_route=\/wp\/v2\/posts\/819","targetHints":{"allow":["GET"]}}],"collection":[{"href":"https:\/\/radoksan.com\/index.php?rest_route=\/wp\/v2\/posts"}],"about":[{"href":"https:\/\/radoksan.com\/index.php?rest_route=\/wp\/v2\/types\/post"}],"author":[{"embeddable":true,"href":"https:\/\/radoksan.com\/index.php?rest_route=\/wp\/v2\/users\/1"}],"replies":[{"embeddable":true,"href":"https:\/\/radoksan.com\/index.php?rest_route=%2Fwp%2Fv2%2Fcomments&post=819"}],"version-history":[{"count":1,"href":"https:\/\/radoksan.com\/index.php?rest_route=\/wp\/v2\/posts\/819\/revisions"}],"predecessor-version":[{"id":822,"href":"https:\/\/radoksan.com\/index.php?rest_route=\/wp\/v2\/posts\/819\/revisions\/822"}],"wp:featuredmedia":[{"embeddable":true,"href":"https:\/\/radoksan.com\/index.php?rest_route=\/wp\/v2\/media\/820"}],"wp:attachment":[{"href":"https:\/\/radoksan.com\/index.php?rest_route=%2Fwp%2Fv2%2Fmedia&parent=819"}],"wp:term":[{"taxonomy":"category","embeddable":true,"href":"https:\/\/radoksan.com\/index.php?rest_route=%2Fwp%2Fv2%2Fcategories&post=819"},{"taxonomy":"post_tag","embeddable":true,"href":"https:\/\/radoksan.com\/index.php?rest_route=%2Fwp%2Fv2%2Ftags&post=819"}],"curies":[{"name":"wp","href":"https:\/\/api.w.org\/{rel}","templated":true}]}}